{"id":1626,"date":"2023-07-31T20:14:29","date_gmt":"2023-07-31T17:14:29","guid":{"rendered":"https:\/\/resim.pro\/blog\/?p=1626"},"modified":"2023-08-03T12:20:13","modified_gmt":"2023-08-03T09:20:13","slug":"agrida-gezilecek-yerler","status":"publish","type":"post","link":"https:\/\/resim.pro\/blog\/agrida-gezilecek-yerler\/","title":{"rendered":"A\u011fr\u0131&#8217;da Gezilecek Yerler Nereler? (2023)"},"content":{"rendered":"<p>A\u011fr\u0131&#8217;da gezilecek yerler, do\u011fu Anadolu&#8217;nun en y\u00fcksek da\u011f\u0131 olan A\u011fr\u0131 Da\u011f\u0131&#8217;n\u0131n eteklerinde bulunan bir ilimizin en g\u00fczel yerlerini kapsamaktad\u0131r. Do\u011fal g\u00fczellikleri, tarihi ve k\u00fclt\u00fcrel zenginlikleri ile \u00fcnl\u00fc olan A\u011fr\u0131, T\u00fcrkiye&#8217;nin en ilgin\u00e7 turistik destinasyonlar\u0131ndan biridir. Bu makalede, A\u011fr\u0131&#8217;da gezilecek yerler hakk\u0131nda kapsaml\u0131 bir rehber sunaca\u011f\u0131m. A\u011fr\u0131, do\u011fal g\u00fczellikleriyle bilinir. \u0130\u015fte A\u011fr\u0131&#8217;da <a href=\"https:\/\/resim.pro\/blog\/amasya-gezilecek-yerler\/\">gezilecek yer<\/a>ler;<\/p>\n<div id=\"ez-toc-container\" class=\"ez-toc-v2_0_85 counter-hierarchy ez-toc-counter ez-toc-grey ez-toc-container-direction\">\n<div class=\"ez-toc-title-container\">\n<p class=\"ez-toc-title\" style=\"cursor:inherit\">\u0130\u00e7erik Ba\u015fl\u0131klar\u0131<\/p>\n<span class=\"ez-toc-title-toggle\"><a href=\"#\" class=\"ez-toc-pull-right ez-toc-btn ez-toc-btn-xs ez-toc-btn-default ez-toc-toggle\" aria-label=\"\u0130\u00e7indekiler Tablosunu A\u00e7\/Kapat\"><span class=\"ez-toc-js-icon-con\"><span class=\"\"><span class=\"eztoc-hide\" style=\"display:none;\">Toggle<\/span><span class=\"ez-toc-icon-toggle-span\"><svg style=\"fill: #999;color:#999\" xmlns=\"http:\/\/www.w3.org\/2000\/svg\" class=\"list-377408\" width=\"20px\" height=\"20px\" viewBox=\"0 0 24 24\" fill=\"none\"><path d=\"M6 6H4v2h2V6zm14 0H8v2h12V6zM4 11h2v2H4v-2zm16 0H8v2h12v-2zM4 16h2v2H4v-2zm16 0H8v2h12v-2z\" fill=\"currentColor\"><\/path><\/svg><svg style=\"fill: #999;color:#999\" class=\"arrow-unsorted-368013\" xmlns=\"http:\/\/www.w3.org\/2000\/svg\" width=\"10px\" height=\"10px\" viewBox=\"0 0 24 24\" version=\"1.2\" baseProfile=\"tiny\"><path d=\"M18.2 9.3l-6.2-6.3-6.2 6.3c-.2.2-.3.4-.3.7s.1.5.3.7c.2.2.4.3.7.3h11c.3 0 .5-.1.7-.3.2-.2.3-.5.3-.7s-.1-.5-.3-.7zM5.8 14.7l6.2 6.3 6.2-6.3c.2-.2.3-.5.3-.7s-.1-.5-.3-.7c-.2-.2-.4-.3-.7-.3h-11c-.3 0-.5.1-.7.3-.2.2-.3.5-.3.7s.1.5.3.7z\"\/><\/svg><\/span><\/span><\/span><\/a><\/span><\/div>\n<nav><ul class='ez-toc-list ez-toc-list-level-1 ' ><li class='ez-toc-page-1 ez-toc-heading-level-3'><a class=\"ez-toc-link ez-toc-heading-1\" href=\"https:\/\/resim.pro\/blog\/agrida-gezilecek-yerler\/#Agrida_Gezilecek_Yerler_Agri_Dagi\" >A\u011fr\u0131&#8217;da Gezilecek Yerler: A\u011fr\u0131 Da\u011f\u0131<\/a><\/li><li class='ez-toc-page-1 ez-toc-heading-level-3'><a class=\"ez-toc-link ez-toc-heading-2\" href=\"https:\/\/resim.pro\/blog\/agrida-gezilecek-yerler\/#Ishak_Pasa_Sarayi\" >\u0130shak Pa\u015fa Saray\u0131<\/a><\/li><li class='ez-toc-page-1 ez-toc-heading-level-3'><a class=\"ez-toc-link ez-toc-heading-3\" href=\"https:\/\/resim.pro\/blog\/agrida-gezilecek-yerler\/#Agrida_Gezilecek_Yerler_Taslicay_Kanyonu\" >A\u011fr\u0131&#8217;da Gezilecek Yerler: Ta\u015fl\u0131\u00e7ay Kanyonu<\/a><\/li><li class='ez-toc-page-1 ez-toc-heading-level-3'><a class=\"ez-toc-link ez-toc-heading-4\" href=\"https:\/\/resim.pro\/blog\/agrida-gezilecek-yerler\/#Diyadin_Kaplicalari\" >Diyadin Kapl\u0131calar\u0131<\/a><\/li><li class='ez-toc-page-1 ez-toc-heading-level-3'><a class=\"ez-toc-link ez-toc-heading-5\" href=\"https:\/\/resim.pro\/blog\/agrida-gezilecek-yerler\/#Dogubayazit_Kalesi\" >Do\u011fubayaz\u0131t Kalesi<\/a><\/li><li class='ez-toc-page-1 ez-toc-heading-level-3'><a class=\"ez-toc-link ez-toc-heading-6\" href=\"https:\/\/resim.pro\/blog\/agrida-gezilecek-yerler\/#Meteor_Cukuru\" >Meteor \u00c7ukuru<\/a><\/li><li class='ez-toc-page-1 ez-toc-heading-level-3'><a class=\"ez-toc-link ez-toc-heading-7\" href=\"https:\/\/resim.pro\/blog\/agrida-gezilecek-yerler\/#Muradiye_Selalesi\" >Muradiye \u015eelalesi<\/a><\/li><li class='ez-toc-page-1 ez-toc-heading-level-3'><a class=\"ez-toc-link ez-toc-heading-8\" href=\"https:\/\/resim.pro\/blog\/agrida-gezilecek-yerler\/#Cifte_Minareli_Medrese\" >\u00c7ifte Minareli Medrese<\/a><\/li><li class='ez-toc-page-1 ez-toc-heading-level-3'><a class=\"ez-toc-link ez-toc-heading-9\" href=\"https:\/\/resim.pro\/blog\/agrida-gezilecek-yerler\/#Patnos_Kalesi\" >Patnos Kalesi<\/a><\/li><li class='ez-toc-page-1 ez-toc-heading-level-3'><a class=\"ez-toc-link ez-toc-heading-10\" href=\"https:\/\/resim.pro\/blog\/agrida-gezilecek-yerler\/#Bezirhane_Kilisesi\" >Bezirhane Kilisesi<\/a><\/li><li class='ez-toc-page-1 ez-toc-heading-level-3'><a class=\"ez-toc-link ez-toc-heading-11\" href=\"https:\/\/resim.pro\/blog\/agrida-gezilecek-yerler\/#Gurbulak_Kayak_Merkezi\" >G\u00fcrbulak Kayak Merkezi<\/a><\/li><li class='ez-toc-page-1 ez-toc-heading-level-3'><a class=\"ez-toc-link ez-toc-heading-12\" href=\"https:\/\/resim.pro\/blog\/agrida-gezilecek-yerler\/#Tendurek_Dagi\" >Tend\u00fcrek Da\u011f\u0131<\/a><\/li><li class='ez-toc-page-1 ez-toc-heading-level-3'><a class=\"ez-toc-link ez-toc-heading-13\" href=\"https:\/\/resim.pro\/blog\/agrida-gezilecek-yerler\/#Taslicay_Kaplicalari\" >Ta\u015fl\u0131\u00e7ay Kapl\u0131calar\u0131<\/a><\/li><li class='ez-toc-page-1 ez-toc-heading-level-3'><a class=\"ez-toc-link ez-toc-heading-14\" href=\"https:\/\/resim.pro\/blog\/agrida-gezilecek-yerler\/#Agri_Muzesi\" >A\u011fr\u0131 M\u00fczesi<\/a><\/li><li class='ez-toc-page-1 ez-toc-heading-level-3'><a class=\"ez-toc-link ez-toc-heading-15\" href=\"https:\/\/resim.pro\/blog\/agrida-gezilecek-yerler\/#Dogubayazit_Muzesi\" >Do\u011fubayaz\u0131t M\u00fczesi<\/a><\/li><li class='ez-toc-page-1 ez-toc-heading-level-3'><a class=\"ez-toc-link ez-toc-heading-16\" href=\"https:\/\/resim.pro\/blog\/agrida-gezilecek-yerler\/#Agrida_Gezilecek_Yerler_Toprakkale_Koyu\" >A\u011fr\u0131&#8217;da Gezilecek Yerler: Toprakkale K\u00f6y\u00fc<\/a><\/li><li class='ez-toc-page-1 ez-toc-heading-level-3'><a class=\"ez-toc-link ez-toc-heading-17\" href=\"https:\/\/resim.pro\/blog\/agrida-gezilecek-yerler\/#Dogubayazit_Kervansarayi\" >Do\u011fubayaz\u0131t Kervansaray\u0131<\/a><\/li><\/ul><\/nav><\/div>\n<h3><span class=\"ez-toc-section\" id=\"Agrida_Gezilecek_Yerler_Agri_Dagi\"><\/span>A\u011fr\u0131&#8217;da Gezilecek Yerler: A\u011fr\u0131 Da\u011f\u0131<span class=\"ez-toc-section-end\"><\/span><\/h3>\n<p>A\u011fr\u0131&#8217;n\u0131n simgesi ve do\u011fal g\u00fczelli\u011finin zirvesi A\u011fr\u0131 Da\u011f\u0131&#8217;d\u0131r. A\u011fr\u0131 Da\u011f\u0131, T\u00fcrkiye&#8217;nin en y\u00fcksek da\u011f\u0131d\u0131r ve y\u00fcksekli\u011fi 5.137 metre olup, zirvesi \u00fclkemiz i\u00e7in \u00f6nemli bir turistik cazibe merkezidir. A\u011fr\u0131 Da\u011f\u0131&#8217;n\u0131n zirvesi, T\u00fcrkiye&#8217;nin en y\u00fcksek noktas\u0131d\u0131r ve da\u011fc\u0131l\u0131k tutkunlar\u0131 i\u00e7in bir meydan okumad\u0131r. A\u011fr\u0131 Da\u011f\u0131 Milli Park\u0131 i\u00e7inde yer almaktad\u0131r ve ziyaret\u00e7iler do\u011fal g\u00fczelli\u011fi ke\u015ffedebilirler.<\/p>\n<p><img loading=\"lazy\" decoding=\"async\" class=\"alignnone wp-image-1627 size-full\" src=\"https:\/\/resim.pro\/blog\/wp-content\/uploads\/2023\/07\/Agrida-gezilecek-yerler-4.jpg\" alt=\"A\u011fr\u0131'da gezilecek yerler\" width=\"1200\" height=\"650\" srcset=\"https:\/\/resim.pro\/blog\/wp-content\/uploads\/2023\/07\/Agrida-gezilecek-yerler-4.jpg 1200w, https:\/\/resim.pro\/blog\/wp-content\/uploads\/2023\/07\/Agrida-gezilecek-yerler-4-300x163.jpg 300w, https:\/\/resim.pro\/blog\/wp-content\/uploads\/2023\/07\/Agrida-gezilecek-yerler-4-1024x555.jpg 1024w, https:\/\/resim.pro\/blog\/wp-content\/uploads\/2023\/07\/Agrida-gezilecek-yerler-4-768x416.jpg 768w\" sizes=\"auto, (max-width: 1200px) 100vw, 1200px\" \/><\/p>\n<h3><span class=\"ez-toc-section\" id=\"Ishak_Pasa_Sarayi\"><\/span>\u0130shak Pa\u015fa Saray\u0131<span class=\"ez-toc-section-end\"><\/span><\/h3>\n<p><a href=\"https:\/\/tr.wikipedia.org\/wiki\/A%C4%9Fr%C4%B1_(il)\" rel=\"nofollow noopener\" target=\"_blank\">A\u011fr\u0131<\/a>&#8216;n\u0131n tarihi ve k\u00fclt\u00fcrel zenginli\u011fi olan \u0130shak Pa\u015fa Saray\u0131, Osmanl\u0131 \u0130mparatorlu\u011fu d\u00f6neminde in\u015fa edilmi\u015ftir. 1784 y\u0131l\u0131nda in\u015fa edilen bu saray, do\u011fu Anadolu&#8217;nun en \u00f6nemli tarihi yap\u0131lar\u0131ndan biridir. Saray\u0131n yap\u0131m\u0131nda kullan\u0131lan ta\u015flar\u0131n baz\u0131lar\u0131 A\u011fr\u0131 Da\u011f\u0131&#8217;ndan getirilmi\u015ftir. \u0130shak Pa\u015fa Saray\u0131, A\u011fr\u0131&#8217;n\u0131n en pop\u00fcler turistik yerlerinden biridir.<\/p>\n<h3><span class=\"ez-toc-section\" id=\"Agrida_Gezilecek_Yerler_Taslicay_Kanyonu\"><\/span>A\u011fr\u0131&#8217;da Gezilecek Yerler: Ta\u015fl\u0131\u00e7ay Kanyonu<span class=\"ez-toc-section-end\"><\/span><\/h3>\n<p>Ta\u015fl\u0131\u00e7ay Kanyonu, A\u011fr\u0131&#8217;n\u0131n do\u011fal g\u00fczelliklerinden biridir. Kanyon, A\u011fr\u0131 Da\u011f\u0131&#8217;n\u0131n eteklerinde yer almaktad\u0131r ve do\u011fa y\u00fcr\u00fcy\u00fc\u015fleri ve trekking i\u00e7in idealdir. Kanyon boyunca y\u00fcr\u00fcyerek muhte\u015fem manzaralar\u0131 izleyebilirsiniz. Ta\u015fl\u0131\u00e7ay Kanyonu, A\u011fr\u0131&#8217;n\u0131n en g\u00fczel turistik yerlerinden biridir.<\/p>\n<p><img loading=\"lazy\" decoding=\"async\" class=\"alignnone wp-image-1628 size-full\" src=\"https:\/\/resim.pro\/blog\/wp-content\/uploads\/2023\/07\/Agrida-gezilecek-yerler-3.jpg\" alt=\"A\u011fr\u0131'da gezilecek yerler\" width=\"1200\" height=\"650\" srcset=\"https:\/\/resim.pro\/blog\/wp-content\/uploads\/2023\/07\/Agrida-gezilecek-yerler-3.jpg 1200w, https:\/\/resim.pro\/blog\/wp-content\/uploads\/2023\/07\/Agrida-gezilecek-yerler-3-300x163.jpg 300w, https:\/\/resim.pro\/blog\/wp-content\/uploads\/2023\/07\/Agrida-gezilecek-yerler-3-1024x555.jpg 1024w, https:\/\/resim.pro\/blog\/wp-content\/uploads\/2023\/07\/Agrida-gezilecek-yerler-3-768x416.jpg 768w\" sizes=\"auto, (max-width: 1200px) 100vw, 1200px\" \/><\/p>\n<h3><span class=\"ez-toc-section\" id=\"Diyadin_Kaplicalari\"><\/span>Diyadin Kapl\u0131calar\u0131<span class=\"ez-toc-section-end\"><\/span><\/h3>\n<p>Diyadin Kapl\u0131calar\u0131, A\u011fr\u0131&#8217;n\u0131n do\u011fal g\u00fczelliklerinden biridir. Kapl\u0131calar, Diyadin il\u00e7esinde yer almaktad\u0131r ve do\u011fal mineralli sulara sahiptir. Kapl\u0131calar, termal turizm i\u00e7in idealdir ve ziyaret\u00e7ilerin sa\u011fl\u0131k ve iyi olu\u015flar\u0131n\u0131 destekler. A\u011fr\u0131&#8217;da gezilecek yerler i\u00e7in aray\u0131\u015f\u0131 bulunanlara, Diyadin Kapl\u0131calar\u0131 kesinlikle \u00f6nerilir.<\/p>\n<h3><span class=\"ez-toc-section\" id=\"Dogubayazit_Kalesi\"><\/span>Do\u011fubayaz\u0131t Kalesi<span class=\"ez-toc-section-end\"><\/span><\/h3>\n<p>A\u011fr\u0131&#8217;n\u0131n tarihi zenginli\u011fi olan Do\u011fubayaz\u0131t Kalesi, M.\u00d6. 800&#8217;l\u00fc y\u0131llarda Urartu Krall\u0131\u011f\u0131 taraf\u0131ndan in\u015fa edilmi\u015ftir. Kale, tarihi \u0130pek Yolu&#8217;nun \u00fczerinde yer almaktad\u0131r ve \u00e7e\u015fitli medeniyetler taraf\u0131ndan farkl\u0131 d\u00f6nemlerde kullan\u0131lm\u0131\u015ft\u0131r. Do\u011fubayaz\u0131t Kalesi, A\u011fr\u0131&#8217;n\u0131n en \u00f6nemli tarihi yap\u0131lar\u0131ndan biridir ve ziyaret\u00e7ilerin tarihi ge\u00e7mi\u015fi ke\u015ffetmelerine olanak sa\u011flar.<\/p>\n<p><img loading=\"lazy\" decoding=\"async\" class=\"alignnone wp-image-1629 size-full\" src=\"https:\/\/resim.pro\/blog\/wp-content\/uploads\/2023\/07\/Agrida-gezilecek-yerler-2.jpg\" alt=\"A\u011fr\u0131'da gezilecek yerler\" width=\"1200\" height=\"650\" srcset=\"https:\/\/resim.pro\/blog\/wp-content\/uploads\/2023\/07\/Agrida-gezilecek-yerler-2.jpg 1200w, https:\/\/resim.pro\/blog\/wp-content\/uploads\/2023\/07\/Agrida-gezilecek-yerler-2-300x163.jpg 300w, https:\/\/resim.pro\/blog\/wp-content\/uploads\/2023\/07\/Agrida-gezilecek-yerler-2-1024x555.jpg 1024w, https:\/\/resim.pro\/blog\/wp-content\/uploads\/2023\/07\/Agrida-gezilecek-yerler-2-768x416.jpg 768w\" sizes=\"auto, (max-width: 1200px) 100vw, 1200px\" \/><\/p>\n<h3><span class=\"ez-toc-section\" id=\"Meteor_Cukuru\"><\/span>Meteor \u00c7ukuru<span class=\"ez-toc-section-end\"><\/span><\/h3>\n<p>A\u011fr\u0131&#8217;n\u0131n do\u011fal g\u00fczellikleri aras\u0131nda yer alan Meteor \u00c7ukuru, T\u00fcrkiye&#8217;nin en b\u00fcy\u00fck meteor \u00e7ukurlar\u0131ndan biridir. \u00c7ukur, A\u011fr\u0131 Da\u011f\u0131&#8217;n\u0131n eteklerinde yer almaktad\u0131r ve \u00e7e\u015fitli g\u00f6kta\u015f\u0131 par\u00e7alar\u0131n\u0131n d\u00fc\u015fmesiyle olu\u015fmu\u015ftur. Meteor \u00c7ukuru, ziyaret\u00e7ilerin do\u011fal g\u00fczelli\u011fi ke\u015ffetmelerine olanak sa\u011flar ve astronomi tutkunlar\u0131 i\u00e7in ideal bir yerdir.<\/p>\n<h3><span class=\"ez-toc-section\" id=\"Muradiye_Selalesi\"><\/span>Muradiye \u015eelalesi<span class=\"ez-toc-section-end\"><\/span><\/h3>\n<p>A\u011fr\u0131&#8217;n\u0131n do\u011fal g\u00fczellikleri aras\u0131nda yer alan Muradiye \u015eelalesi, A\u011fr\u0131 Da\u011f\u0131&#8217;n\u0131n eteklerinde yer almaktad\u0131r. \u015eelale, \u00e7evresindeki ormanlarla birlikte muhte\u015fem bir manzara sunmaktad\u0131r. Ziyaret\u00e7iler, \u015felalenin yan\u0131nda piknik yapabilir ve do\u011fa y\u00fcr\u00fcy\u00fc\u015fleri yapabilirler.<\/p>\n<h3><span class=\"ez-toc-section\" id=\"Cifte_Minareli_Medrese\"><\/span>\u00c7ifte Minareli Medrese<span class=\"ez-toc-section-end\"><\/span><\/h3>\n<p>A\u011fr\u0131&#8217;n\u0131n tarihi zenginliklerinden biri olan \u00c7ifte Minareli Medrese, 16. y\u00fczy\u0131lda in\u015fa edilmi\u015ftir. Medrese, Osmanl\u0131 \u0130mparatorlu\u011fu d\u00f6neminde e\u011fitim vermek amac\u0131yla kullan\u0131lm\u0131\u015ft\u0131r. Medrese, iki minaresiyle dikkat \u00e7ekmektedir ve ziyaret\u00e7ilerin tarihi ge\u00e7mi\u015fi ke\u015ffetmelerine olanak sa\u011flar.<\/p>\n<p><img loading=\"lazy\" decoding=\"async\" class=\"alignnone wp-image-1630 size-full\" src=\"https:\/\/resim.pro\/blog\/wp-content\/uploads\/2023\/07\/Agrida-gezilecek-yerler-1.jpg\" alt=\"A\u011fr\u0131'da gezilecek yerler\" width=\"1200\" height=\"650\" srcset=\"https:\/\/resim.pro\/blog\/wp-content\/uploads\/2023\/07\/Agrida-gezilecek-yerler-1.jpg 1200w, https:\/\/resim.pro\/blog\/wp-content\/uploads\/2023\/07\/Agrida-gezilecek-yerler-1-300x163.jpg 300w, https:\/\/resim.pro\/blog\/wp-content\/uploads\/2023\/07\/Agrida-gezilecek-yerler-1-1024x555.jpg 1024w, https:\/\/resim.pro\/blog\/wp-content\/uploads\/2023\/07\/Agrida-gezilecek-yerler-1-768x416.jpg 768w\" sizes=\"auto, (max-width: 1200px) 100vw, 1200px\" \/><\/p>\n<h3><span class=\"ez-toc-section\" id=\"Patnos_Kalesi\"><\/span>Patnos Kalesi<span class=\"ez-toc-section-end\"><\/span><\/h3>\n<p>A\u011fr\u0131&#8217;n\u0131n tarihi yap\u0131lar\u0131ndan biri olan Patnos Kalesi, M.\u00d6. 8. y\u00fczy\u0131lda Urartu Krall\u0131\u011f\u0131 taraf\u0131ndan in\u015fa edilmi\u015ftir. Kale, \u00e7evresindeki do\u011fal g\u00fczelliklerle birlikte muhte\u015fem bir manzara sunmaktad\u0131r. Patnos Kalesi, ziyaret\u00e7ilerin tarihi ge\u00e7mi\u015fi ke\u015ffetmelerine olanak sa\u011flar.<\/p>\n<h3><span class=\"ez-toc-section\" id=\"Bezirhane_Kilisesi\"><\/span>Bezirhane Kilisesi<span class=\"ez-toc-section-end\"><\/span><\/h3>\n<p>A\u011fr\u0131&#8217;n\u0131n k\u00fclt\u00fcrel zenginliklerinden biri olan Bezirhane Kilisesi, 10. y\u00fczy\u0131lda in\u015fa edilmi\u015ftir. Kilise, Ermeni mimarisi \u00f6zellikleri ta\u015f\u0131maktad\u0131r ve tarihi bir yap\u0131 olarak \u00f6nemlidir. Kilise, ziyaret\u00e7ilerin tarihi ge\u00e7mi\u015fi ke\u015ffetmelerine olanak sa\u011flar.<\/p>\n<h3><span class=\"ez-toc-section\" id=\"Gurbulak_Kayak_Merkezi\"><\/span>G\u00fcrbulak Kayak Merkezi<span class=\"ez-toc-section-end\"><\/span><\/h3>\n<p>A\u011fr\u0131&#8217;n\u0131n g\u00fcneybat\u0131s\u0131nda yer alan G\u00fcrbulak Kayak Merkezi, kayak ve snowboard tutkunlar\u0131 i\u00e7in ideal bir yerdir. Merkez, A\u011fr\u0131 Da\u011f\u0131&#8217;n\u0131n eteklerinde yer almaktad\u0131r ve k\u0131\u015f aylar\u0131nda ziyaret edilebilir.<\/p>\n<h3><span class=\"ez-toc-section\" id=\"Tendurek_Dagi\"><\/span>Tend\u00fcrek Da\u011f\u0131<span class=\"ez-toc-section-end\"><\/span><\/h3>\n<p>A\u011fr\u0131&#8217;n\u0131n do\u011fal g\u00fczelliklerinden biri olan Tend\u00fcrek Da\u011f\u0131, do\u011fa y\u00fcr\u00fcy\u00fc\u015fleri i\u00e7in ideal bir yerdir. Da\u011f\u0131n zirvesine t\u0131rmanmak, ziyaret\u00e7ilere muhte\u015fem bir manzara sunar.<\/p>\n<p><img loading=\"lazy\" decoding=\"async\" class=\"alignnone wp-image-1631 size-full\" src=\"https:\/\/resim.pro\/blog\/wp-content\/uploads\/2023\/07\/Agrida-gezilecek-yerler.jpg\" alt=\"A\u011fr\u0131'da gezilecek yerler\" width=\"1200\" height=\"650\" srcset=\"https:\/\/resim.pro\/blog\/wp-content\/uploads\/2023\/07\/Agrida-gezilecek-yerler.jpg 1200w, https:\/\/resim.pro\/blog\/wp-content\/uploads\/2023\/07\/Agrida-gezilecek-yerler-300x163.jpg 300w, https:\/\/resim.pro\/blog\/wp-content\/uploads\/2023\/07\/Agrida-gezilecek-yerler-1024x555.jpg 1024w, https:\/\/resim.pro\/blog\/wp-content\/uploads\/2023\/07\/Agrida-gezilecek-yerler-768x416.jpg 768w\" sizes=\"auto, (max-width: 1200px) 100vw, 1200px\" \/><\/p>\n<h3><span class=\"ez-toc-section\" id=\"Taslicay_Kaplicalari\"><\/span>Ta\u015fl\u0131\u00e7ay Kapl\u0131calar\u0131<span class=\"ez-toc-section-end\"><\/span><\/h3>\n<p>A\u011fr\u0131&#8217;n\u0131n do\u011fal g\u00fczellikleri aras\u0131nda yer alan Ta\u015fl\u0131\u00e7ay Kapl\u0131calar\u0131, termal suyun faydalar\u0131ndan yararlanmak i\u00e7in ideal bir yerdir. Kapl\u0131calar, A\u011fr\u0131 Da\u011f\u0131&#8217;n\u0131n eteklerinde yer almaktad\u0131r ve ziyaret\u00e7ilere do\u011fal bir spa deneyimi sunar.<\/p>\n<h3><span class=\"ez-toc-section\" id=\"Agri_Muzesi\"><\/span>A\u011fr\u0131 M\u00fczesi<span class=\"ez-toc-section-end\"><\/span><\/h3>\n<p>A\u011fr\u0131&#8217;n\u0131n k\u00fclt\u00fcrel zenginliklerinden biri olan A\u011fr\u0131 M\u00fczesi, tarihi eserlerin sergilendi\u011fi bir m\u00fczedir. M\u00fcze, Urartu Krall\u0131\u011f\u0131 d\u00f6nemine ait eserler, Osmanl\u0131 d\u00f6nemi e\u015fyalar\u0131 ve di\u011fer tarihi eserlerin bulundu\u011fu bir koleksiyona sahiptir.<\/p>\n<h3><span class=\"ez-toc-section\" id=\"Dogubayazit_Muzesi\"><\/span>Do\u011fubayaz\u0131t M\u00fczesi<span class=\"ez-toc-section-end\"><\/span><\/h3>\n<p>Do\u011fubayaz\u0131t il\u00e7esinde bulunan Do\u011fubayaz\u0131t M\u00fczesi, tarihi eserlerin sergilendi\u011fi bir m\u00fczedir. M\u00fczede, Urartu Krall\u0131\u011f\u0131 d\u00f6nemine ait eserler, Osmanl\u0131 d\u00f6nemi e\u015fyalar\u0131 ve di\u011fer tarihi eserler bulunmaktad\u0131r.<\/p>\n<h3><span class=\"ez-toc-section\" id=\"Agrida_Gezilecek_Yerler_Toprakkale_Koyu\"><\/span>A\u011fr\u0131&#8217;da Gezilecek Yerler: Toprakkale K\u00f6y\u00fc<span class=\"ez-toc-section-end\"><\/span><\/h3>\n<p>A\u011fr\u0131&#8217;n\u0131n k\u00fclt\u00fcrel zenginliklerinden biri olan Toprakkale K\u00f6y\u00fc, Urartu Krall\u0131\u011f\u0131 d\u00f6nemine ait kal\u0131nt\u0131lar\u0131n bulundu\u011fu bir yerdir. K\u00f6y, A\u011fr\u0131 Da\u011f\u0131&#8217;n\u0131n eteklerinde yer almaktad\u0131r ve tarihi bir atmosfer sunar. Toprakkale K\u00f6y\u00fc, A\u011fr\u0131&#8217;da gezilecek yerler aray\u0131\u015f\u0131 olanlar i\u00e7in kesinlikle \u00f6nerilir.<\/p>\n<h3><span class=\"ez-toc-section\" id=\"Dogubayazit_Kervansarayi\"><\/span>Do\u011fubayaz\u0131t Kervansaray\u0131<span class=\"ez-toc-section-end\"><\/span><\/h3>\n<p>Do\u011fubayaz\u0131t il\u00e7esinde bulunan Do\u011fubayaz\u0131t Kervansaray\u0131, Osmanl\u0131 \u0130mparatorlu\u011fu d\u00f6neminde in\u015fa edilmi\u015f bir kervansarayd\u0131r. Kervansaray, tarihi bir yap\u0131ya sahip olmas\u0131 ve \u0130pek Yolu \u00fczerinde yer almas\u0131 nedeniyle ziyaret\u00e7ilerin ilgisini \u00e7eker. A\u011fr\u0131&#8217;da gezilecek yerler aras\u0131nda kesinlikle Do\u011fubayaz\u0131t Keyvansaray\u0131 \u00f6nerilmektedir.<\/p>\n<p>A\u011fr\u0131, tarihi ve do\u011fal g\u00fczellikleriyle ke\u015ffedilmeyi bekleyen bir \u015fehirdir. Bu makalede sadece A\u011fr\u0131&#8217;da gezilebilecek baz\u0131 yerlerden bahsedildi, ancak \u015fehirde daha fazla ke\u015ffedilecek yerler ve deneyimler mevcuttur. Tarihi yap\u0131lar\u0131, do\u011fal g\u00fczellikleri, k\u00fclt\u00fcrel zenginlikleri ve lezzetli yemekleriyle A\u011fr\u0131, ziyaret\u00e7ilerine unutulmaz bir deneyim sunar.<\/p>\n<p>A\u011fr\u0131, da\u011f manzaralar\u0131, nehir vadileri, tarihi yap\u0131lar, m\u00fczeler ve daha bir\u00e7ok se\u00e7enekle doludur. Bu yaz\u0131da bahsedilen yerler, A\u011fr\u0131&#8217;daki gezilebilecek en pop\u00fcler yerlerden sadece birka\u00e7\u0131d\u0131r. A\u011fr\u0131&#8217;y\u0131 ziyaret etti\u011finizde mutlaka bu yerleri g\u00f6rmenizi \u00f6neririz. Ancak, \u015fehirde daha ke\u015ffedilecek ve g\u00f6r\u00fclmeye de\u011fer bir\u00e7ok yer var, bu nedenle planlamalar\u0131n\u0131zda daha fazla zaman ay\u0131rman\u0131z\u0131 \u00f6neririz.<\/p>\n<p>A\u011fr\u0131&#8217;ya gitmek i\u00e7in en uygun zaman, yaz aylar\u0131d\u0131r. S\u0131cakl\u0131klar\u0131n y\u00fcksek oldu\u011fu bu d\u00f6nemde do\u011fal g\u00fczelliklerin tad\u0131n\u0131 \u00e7\u0131karabilir ve tarihi yerleri ke\u015ffedebilirsiniz. Ancak, k\u0131\u015f aylar\u0131nda A\u011fr\u0131 da\u011f\u0131n\u0131n kar kapl\u0131 g\u00f6r\u00fcnt\u00fcs\u00fc de olduk\u00e7a etkileyicidir. A\u011fr\u0131&#8217;da gezerken, k\u00fclt\u00fcrel ve sosyal yap\u0131ya sayg\u0131 g\u00f6stermeyi unutmamal\u0131s\u0131n\u0131z. Gitti\u011finiz yerlerde \u00e7evre temizli\u011fine ve tarihi yap\u0131lar\u0131n korunmas\u0131na dikkat etmeniz gerekti\u011fini unutmay\u0131n. A\u011fr\u0131&#8217;da gezilecek yerler i\u00e7in aray\u0131\u015f\u0131n\u0131z varsa, listede \u00f6nerilen bir\u00e7ok mekan ve b\u00f6lge sizin i\u00e7in e\u015fsiz bir deneyim sa\u011flayacakt\u0131r.<\/p>\n<p>\u00d6zetle,\u00a0 A\u011fr\u0131, do\u011fal g\u00fczellikleri ve tarihi yap\u0131lar\u0131yla T\u00fcrkiye&#8217;nin ke\u015ffedilmeyi bekleyen bir b\u00f6lgesidir. Bu makalede bahsedilen yerler, A\u011fr\u0131&#8217;n\u0131n sadece birka\u00e7\u0131n\u0131 temsil eder. A\u011fr\u0131&#8217;y\u0131 ke\u015ffetmek i\u00e7in daha fazla zaman ay\u0131rd\u0131\u011f\u0131n\u0131zda, bu \u015fehir size unutulmaz bir deneyim sunacakt\u0131r.<\/p>\n","protected":false},"excerpt":{"rendered":"<p>A\u011fr\u0131&#8217;da gezilecek yerler, do\u011fu Anadolu&#8217;nun en y\u00fcksek da\u011f\u0131 olan A\u011fr\u0131 Da\u011f\u0131&#8217;n\u0131n eteklerinde bulunan bir ilimizin en g\u00fczel yerlerini kapsamaktad\u0131r. Do\u011fal g\u00fczellikleri, tarihi ve k\u00fclt\u00fcrel zenginlikleri ile \u00fcnl\u00fc olan A\u011fr\u0131, T\u00fcrkiye&#8217;nin en ilgin\u00e7 turistik destinasyonlar\u0131ndan biridir. Bu makalede, A\u011fr\u0131&#8217;da gezilecek yerler hakk\u0131nda kapsaml\u0131 bir rehber sunaca\u011f\u0131m. A\u011fr\u0131, do\u011fal g\u00fczellikleriyle bilinir. \u0130\u015fte A\u011fr\u0131&#8217;da gezilecek yerler; A\u011fr\u0131&#8217;da Gezilecek [&hellip;]<\/p>\n","protected":false},"author":1009,"featured_media":1629,"comment_status":"open","ping_status":"open","sticky":false,"template":"","format":"standard","meta":{"footnotes":""},"categories":[265],"tags":[305,301,302],"class_list":["post-1626","post","type-post","status-publish","format-standard","has-post-thumbnail","hentry","category-genel","tag-agri","tag-gezilecek-yerler","tag-turizm"],"_links":{"self":[{"href":"https:\/\/resim.pro\/blog\/wp-json\/wp\/v2\/posts\/1626","targetHints":{"allow":["GET"]}}],"collection":[{"href":"https:\/\/resim.pro\/blog\/wp-json\/wp\/v2\/posts"}],"about":[{"href":"https:\/\/resim.pro\/blog\/wp-json\/wp\/v2\/types\/post"}],"author":[{"embeddable":true,"href":"https:\/\/resim.pro\/blog\/wp-json\/wp\/v2\/users\/1009"}],"replies":[{"embeddable":true,"href":"https:\/\/resim.pro\/blog\/wp-json\/wp\/v2\/comments?post=1626"}],"version-history":[{"count":5,"href":"https:\/\/resim.pro\/blog\/wp-json\/wp\/v2\/posts\/1626\/revisions"}],"predecessor-version":[{"id":1646,"href":"https:\/\/resim.pro\/blog\/wp-json\/wp\/v2\/posts\/1626\/revisions\/1646"}],"wp:featuredmedia":[{"embeddable":true,"href":"https:\/\/resim.pro\/blog\/wp-json\/wp\/v2\/media\/1629"}],"wp:attachment":[{"href":"https:\/\/resim.pro\/blog\/wp-json\/wp\/v2\/media?parent=1626"}],"wp:term":[{"taxonomy":"category","embeddable":true,"href":"https:\/\/resim.pro\/blog\/wp-json\/wp\/v2\/categories?post=1626"},{"taxonomy":"post_tag","embeddable":true,"href":"https:\/\/resim.pro\/blog\/wp-json\/wp\/v2\/tags?post=1626"}],"curies":[{"name":"wp","href":"https:\/\/api.w.org\/{rel}","templated":true}]}}